{"id":732,"date":"2026-08-25T07:12:24","date_gmt":"2026-08-25T05:12:24","guid":{"rendered":"https:\/\/prosperpark.se\/?p=732"},"modified":"2026-08-25T09:03:44","modified_gmt":"2026-08-25T07:03:44","slug":"new-tenant-moves-into-prosper-park","status":"publish","type":"post","link":"https:\/\/prosperpark.se\/en\/ny-hyresgast-flyttar-in-pa-prosper-park\/","title":{"rendered":"New tenant moves into Prosper Park"},"content":{"rendered":"<p class=\"wp-block-paragraph\">Prosper Park continues to grow. We are now welcoming Consto as new tenants in the area. Consto is a construction group with projects and operations in both Sweden and Norway. <\/p>\n\n\n\n<p class=\"wp-block-paragraph\">With more businesses moving in, we continue to develop Prosper Park as a place where companies can establish themselves, grow, and connect. Welcome to Prosper Park!<\/p>","protected":false},"excerpt":{"rendered":"<p>Prosper Park continues to grow. We are now welcoming Consto as new tenants in the area. Consto is a construction group with projects and operations in both Sweden and Norway. <\/p>\n<p>With more businesses moving in, we continue to develop Prosper Park as a place where companies can establish themselves, grow, and connect. Welcome to Prosper Park!<\/p>","protected":false},"author":4,"featured_media":741,"comment_status":"closed","ping_status":"closed","sticky":false,"template":"","format":"standard","meta":{"_acf_changed":false,"footnotes":""},"categories":[1],"tags":[],"class_list":["post-732","post","type-post","status-publish","format-standard","has-post-thumbnail","hentry","category-uncategorized"],"acf":[],"yoast_head":"<!-- This site is optimized with the Yoast SEO plugin v28.3 - https:\/\/yoast.com\/product\/yoast-seo-wordpress\/ -->\n<title>Ny hyresg\u00e4st flyttar in p\u00e5 Prosper Park - Prosper Park<\/title>\n<meta name=\"robots\" content=\"index, follow, max-snippet:-1, max-image-preview:large, max-video-preview:-1\" \/>\n<link rel=\"canonical\" href=\"https:\/\/prosperpark.se\/en\/new-tenant-moves-into-prosper-park\/\" \/>\n<meta property=\"og:locale\" content=\"en_US\" \/>\n<meta property=\"og:type\" content=\"article\" \/>\n<meta property=\"og:title\" content=\"Ny hyresg\u00e4st flyttar in p\u00e5 Prosper Park - Prosper Park\" \/>\n<meta property=\"og:description\" content=\"Prosper Park forts\u00e4tter att v\u00e4xa. Nu v\u00e4lkomnar vi Consto som nya hyresg\u00e4ster p\u00e5 omr\u00e5det. Consto \u00e4r en byggkoncern med projekt och verksamhet i b\u00e5de Sverige och Norge.  Med fler verksamheter p\u00e5 plats forts\u00e4tter vi att utveckla Prosper Park som en plats d\u00e4r f\u00f6retag kan etablera sig, v\u00e4xa och m\u00f6tas. V\u00e4lkomna till Prosper Park!\" \/>\n<meta property=\"og:url\" content=\"https:\/\/prosperpark.se\/en\/new-tenant-moves-into-prosper-park\/\" \/>\n<meta property=\"og:site_name\" content=\"Prosper Park\" \/>\n<meta property=\"article:published_time\" content=\"2026-08-25T05:12:24+00:00\" \/>\n<meta property=\"article:modified_time\" content=\"2026-08-25T07:03:44+00:00\" \/>\n<meta property=\"og:image\" content=\"https:\/\/prosperpark.se\/wp-content\/uploads\/IMG_2938-1-scaled.jpg\" \/>\n\t<meta property=\"og:image:width\" content=\"2560\" \/>\n\t<meta property=\"og:image:height\" content=\"1707\" \/>\n\t<meta property=\"og:image:type\" content=\"image\/jpeg\" \/>\n<meta name=\"author\" content=\"Mikael Salquist Landin\" \/>\n<meta name=\"twitter:card\" content=\"summary_large_image\" \/>\n<meta name=\"twitter:label1\" content=\"Written by\" \/>\n\t<meta name=\"twitter:data1\" content=\"Mikael Salquist Landin\" \/>\n\t<meta name=\"twitter:label2\" content=\"Est. reading time\" \/>\n\t<meta name=\"twitter:data2\" content=\"1 minute\" \/>\n<script type=\"application\/ld+json\" class=\"yoast-schema-graph\">{\"@context\":\"https:\\\/\\\/schema.org\",\"@graph\":[{\"@type\":\"Article\",\"@id\":\"https:\\\/\\\/prosperpark.se\\\/ny-hyresgast-flyttar-in-pa-prosper-park\\\/#article\",\"isPartOf\":{\"@id\":\"https:\\\/\\\/prosperpark.se\\\/ny-hyresgast-flyttar-in-pa-prosper-park\\\/\"},\"author\":{\"name\":\"Mikael Salquist Landin\",\"@id\":\"https:\\\/\\\/prosperpark.se\\\/#\\\/schema\\\/person\\\/fc3450dc62099e72e82f25fd68ab9712\"},\"headline\":\"Ny hyresg\u00e4st flyttar in p\u00e5 Prosper Park\",\"datePublished\":\"2026-08-25T05:12:24+00:00\",\"dateModified\":\"2026-08-25T07:03:44+00:00\",\"mainEntityOfPage\":{\"@id\":\"https:\\\/\\\/prosperpark.se\\\/ny-hyresgast-flyttar-in-pa-prosper-park\\\/\"},\"wordCount\":73,\"image\":{\"@id\":\"https:\\\/\\\/prosperpark.se\\\/ny-hyresgast-flyttar-in-pa-prosper-park\\\/#primaryimage\"},\"thumbnailUrl\":\"https:\\\/\\\/prosperpark.se\\\/wp-content\\\/uploads\\\/IMG_2938-1-scaled.jpg\",\"inLanguage\":\"en-US\"},{\"@type\":\"WebPage\",\"@id\":\"https:\\\/\\\/prosperpark.se\\\/ny-hyresgast-flyttar-in-pa-prosper-park\\\/\",\"url\":\"https:\\\/\\\/prosperpark.se\\\/ny-hyresgast-flyttar-in-pa-prosper-park\\\/\",\"name\":\"Ny hyresg\u00e4st flyttar in p\u00e5 Prosper Park - Prosper Park\",\"isPartOf\":{\"@id\":\"https:\\\/\\\/prosperpark.se\\\/#website\"},\"primaryImageOfPage\":{\"@id\":\"https:\\\/\\\/prosperpark.se\\\/ny-hyresgast-flyttar-in-pa-prosper-park\\\/#primaryimage\"},\"image\":{\"@id\":\"https:\\\/\\\/prosperpark.se\\\/ny-hyresgast-flyttar-in-pa-prosper-park\\\/#primaryimage\"},\"thumbnailUrl\":\"https:\\\/\\\/prosperpark.se\\\/wp-content\\\/uploads\\\/IMG_2938-1-scaled.jpg\",\"datePublished\":\"2026-08-25T05:12:24+00:00\",\"dateModified\":\"2026-08-25T07:03:44+00:00\",\"author\":{\"@id\":\"https:\\\/\\\/prosperpark.se\\\/#\\\/schema\\\/person\\\/fc3450dc62099e72e82f25fd68ab9712\"},\"breadcrumb\":{\"@id\":\"https:\\\/\\\/prosperpark.se\\\/ny-hyresgast-flyttar-in-pa-prosper-park\\\/#breadcrumb\"},\"inLanguage\":\"en-US\",\"potentialAction\":[{\"@type\":\"ReadAction\",\"target\":[\"https:\\\/\\\/prosperpark.se\\\/ny-hyresgast-flyttar-in-pa-prosper-park\\\/\"]}]},{\"@type\":\"ImageObject\",\"inLanguage\":\"en-US\",\"@id\":\"https:\\\/\\\/prosperpark.se\\\/ny-hyresgast-flyttar-in-pa-prosper-park\\\/#primaryimage\",\"url\":\"https:\\\/\\\/prosperpark.se\\\/wp-content\\\/uploads\\\/IMG_2938-1-scaled.jpg\",\"contentUrl\":\"https:\\\/\\\/prosperpark.se\\\/wp-content\\\/uploads\\\/IMG_2938-1-scaled.jpg\",\"width\":2560,\"height\":1707},{\"@type\":\"BreadcrumbList\",\"@id\":\"https:\\\/\\\/prosperpark.se\\\/ny-hyresgast-flyttar-in-pa-prosper-park\\\/#breadcrumb\",\"itemListElement\":[{\"@type\":\"ListItem\",\"position\":1,\"name\":\"Start\",\"item\":\"https:\\\/\\\/prosperpark.se\\\/\"},{\"@type\":\"ListItem\",\"position\":2,\"name\":\"Ny hyresg\u00e4st flyttar in p\u00e5 Prosper Park\"}]},{\"@type\":\"WebSite\",\"@id\":\"https:\\\/\\\/prosperpark.se\\\/#website\",\"url\":\"https:\\\/\\\/prosperpark.se\\\/\",\"name\":\"Prosper Park\",\"description\":\"\",\"potentialAction\":[{\"@type\":\"SearchAction\",\"target\":{\"@type\":\"EntryPoint\",\"urlTemplate\":\"https:\\\/\\\/prosperpark.se\\\/search\\\/{search_term_string}\"},\"query-input\":{\"@type\":\"PropertyValueSpecification\",\"valueRequired\":true,\"valueName\":\"search_term_string\"}}],\"inLanguage\":\"en-US\"},{\"@type\":\"Person\",\"@id\":\"https:\\\/\\\/prosperpark.se\\\/#\\\/schema\\\/person\\\/fc3450dc62099e72e82f25fd68ab9712\",\"name\":\"Mikael Salquist Landin\",\"image\":{\"@type\":\"ImageObject\",\"inLanguage\":\"en-US\",\"@id\":\"https:\\\/\\\/secure.gravatar.com\\\/avatar\\\/4a90dcafc2229dcfaef30bf9778666eaf41828159ca60b8dabb63753f334a138?s=96&d=mm&r=g\",\"url\":\"https:\\\/\\\/secure.gravatar.com\\\/avatar\\\/4a90dcafc2229dcfaef30bf9778666eaf41828159ca60b8dabb63753f334a138?s=96&d=mm&r=g\",\"contentUrl\":\"https:\\\/\\\/secure.gravatar.com\\\/avatar\\\/4a90dcafc2229dcfaef30bf9778666eaf41828159ca60b8dabb63753f334a138?s=96&d=mm&r=g\",\"caption\":\"Mikael Salquist Landin\"},\"url\":\"https:\\\/\\\/prosperpark.se\\\/en\\\/author\\\/mikael\\\/\"}]}<\/script>\n<!-- \/ Yoast SEO plugin. -->","yoast_head_json":{"title":"New Tenant Moves into Prosper Park - Prosper Park","robots":{"index":"index","follow":"follow","max-snippet":"max-snippet:-1","max-image-preview":"max-image-preview:large","max-video-preview":"max-video-preview:-1"},"canonical":"https:\/\/prosperpark.se\/en\/new-tenant-moves-into-prosper-park\/","og_locale":"en_US","og_type":"article","og_title":"Ny hyresg\u00e4st flyttar in p\u00e5 Prosper Park - Prosper Park","og_description":"Prosper Park forts\u00e4tter att v\u00e4xa. Nu v\u00e4lkomnar vi Consto som nya hyresg\u00e4ster p\u00e5 omr\u00e5det. Consto \u00e4r en byggkoncern med projekt och verksamhet i b\u00e5de Sverige och Norge.  Med fler verksamheter p\u00e5 plats forts\u00e4tter vi att utveckla Prosper Park som en plats d\u00e4r f\u00f6retag kan etablera sig, v\u00e4xa och m\u00f6tas. V\u00e4lkomna till Prosper Park!","og_url":"https:\/\/prosperpark.se\/en\/new-tenant-moves-into-prosper-park\/","og_site_name":"Prosper Park","article_published_time":"2026-08-25T05:12:24+00:00","article_modified_time":"2026-08-25T07:03:44+00:00","og_image":[{"width":2560,"height":1707,"url":"https:\/\/prosperpark.se\/wp-content\/uploads\/IMG_2938-1-scaled.jpg","type":"image\/jpeg"}],"author":"Mikael Salquist Landin","twitter_card":"summary_large_image","twitter_misc":{"Written by":"Mikael Salquist Landin","Est. reading time":"1 minute"},"schema":{"@context":"https:\/\/schema.org","@graph":[{"@type":"Article","@id":"https:\/\/prosperpark.se\/ny-hyresgast-flyttar-in-pa-prosper-park\/#article","isPartOf":{"@id":"https:\/\/prosperpark.se\/ny-hyresgast-flyttar-in-pa-prosper-park\/"},"author":{"name":"Mikael Salquist Landin","@id":"https:\/\/prosperpark.se\/#\/schema\/person\/fc3450dc62099e72e82f25fd68ab9712"},"headline":"Ny hyresg\u00e4st flyttar in p\u00e5 Prosper Park","datePublished":"2026-08-25T05:12:24+00:00","dateModified":"2026-08-25T07:03:44+00:00","mainEntityOfPage":{"@id":"https:\/\/prosperpark.se\/ny-hyresgast-flyttar-in-pa-prosper-park\/"},"wordCount":73,"image":{"@id":"https:\/\/prosperpark.se\/ny-hyresgast-flyttar-in-pa-prosper-park\/#primaryimage"},"thumbnailUrl":"https:\/\/prosperpark.se\/wp-content\/uploads\/IMG_2938-1-scaled.jpg","inLanguage":"en-US"},{"@type":"WebPage","@id":"https:\/\/prosperpark.se\/ny-hyresgast-flyttar-in-pa-prosper-park\/","url":"https:\/\/prosperpark.se\/ny-hyresgast-flyttar-in-pa-prosper-park\/","name":"New Tenant Moves into Prosper Park - Prosper Park","isPartOf":{"@id":"https:\/\/prosperpark.se\/#website"},"primaryImageOfPage":{"@id":"https:\/\/prosperpark.se\/ny-hyresgast-flyttar-in-pa-prosper-park\/#primaryimage"},"image":{"@id":"https:\/\/prosperpark.se\/ny-hyresgast-flyttar-in-pa-prosper-park\/#primaryimage"},"thumbnailUrl":"https:\/\/prosperpark.se\/wp-content\/uploads\/IMG_2938-1-scaled.jpg","datePublished":"2026-08-25T05:12:24+00:00","dateModified":"2026-08-25T07:03:44+00:00","author":{"@id":"https:\/\/prosperpark.se\/#\/schema\/person\/fc3450dc62099e72e82f25fd68ab9712"},"breadcrumb":{"@id":"https:\/\/prosperpark.se\/ny-hyresgast-flyttar-in-pa-prosper-park\/#breadcrumb"},"inLanguage":"en-US","potentialAction":[{"@type":"ReadAction","target":["https:\/\/prosperpark.se\/ny-hyresgast-flyttar-in-pa-prosper-park\/"]}]},{"@type":"ImageObject","inLanguage":"en-US","@id":"https:\/\/prosperpark.se\/ny-hyresgast-flyttar-in-pa-prosper-park\/#primaryimage","url":"https:\/\/prosperpark.se\/wp-content\/uploads\/IMG_2938-1-scaled.jpg","contentUrl":"https:\/\/prosperpark.se\/wp-content\/uploads\/IMG_2938-1-scaled.jpg","width":2560,"height":1707},{"@type":"BreadcrumbList","@id":"https:\/\/prosperpark.se\/ny-hyresgast-flyttar-in-pa-prosper-park\/#breadcrumb","itemListElement":[{"@type":"ListItem","position":1,"name":"Start","item":"https:\/\/prosperpark.se\/"},{"@type":"ListItem","position":2,"name":"Ny hyresg\u00e4st flyttar in p\u00e5 Prosper Park"}]},{"@type":"WebSite","@id":"https:\/\/prosperpark.se\/#website","url":"https:\/\/prosperpark.se\/","name":"Prosper Park","description":"","potentialAction":[{"@type":"SearchAction","target":{"@type":"EntryPoint","urlTemplate":"https:\/\/prosperpark.se\/search\/{search_term_string}"},"query-input":{"@type":"PropertyValueSpecification","valueRequired":true,"valueName":"search_term_string"}}],"inLanguage":"en-US"},{"@type":"Person","@id":"https:\/\/prosperpark.se\/#\/schema\/person\/fc3450dc62099e72e82f25fd68ab9712","name":"Mikael Salquist Landin","image":{"@type":"ImageObject","inLanguage":"en-US","@id":"https:\/\/secure.gravatar.com\/avatar\/4a90dcafc2229dcfaef30bf9778666eaf41828159ca60b8dabb63753f334a138?s=96&d=mm&r=g","url":"https:\/\/secure.gravatar.com\/avatar\/4a90dcafc2229dcfaef30bf9778666eaf41828159ca60b8dabb63753f334a138?s=96&d=mm&r=g","contentUrl":"https:\/\/secure.gravatar.com\/avatar\/4a90dcafc2229dcfaef30bf9778666eaf41828159ca60b8dabb63753f334a138?s=96&d=mm&r=g","caption":"Mikael Salquist Landin"},"url":"https:\/\/prosperpark.se\/en\/author\/mikael\/"}]}},"_links":{"self":[{"href":"https:\/\/prosperpark.se\/en\/wp-json\/wp\/v2\/posts\/732","targetHints":{"allow":["GET"]}}],"collection":[{"href":"https:\/\/prosperpark.se\/en\/wp-json\/wp\/v2\/posts"}],"about":[{"href":"https:\/\/prosperpark.se\/en\/wp-json\/wp\/v2\/types\/post"}],"author":[{"embeddable":true,"href":"https:\/\/prosperpark.se\/en\/wp-json\/wp\/v2\/users\/4"}],"replies":[{"embeddable":true,"href":"https:\/\/prosperpark.se\/en\/wp-json\/wp\/v2\/comments?post=732"}],"version-history":[{"count":3,"href":"https:\/\/prosperpark.se\/en\/wp-json\/wp\/v2\/posts\/732\/revisions"}],"predecessor-version":[{"id":739,"href":"https:\/\/prosperpark.se\/en\/wp-json\/wp\/v2\/posts\/732\/revisions\/739"}],"wp:featuredmedia":[{"embeddable":true,"href":"https:\/\/prosperpark.se\/en\/wp-json\/wp\/v2\/media\/741"}],"wp:attachment":[{"href":"https:\/\/prosperpark.se\/en\/wp-json\/wp\/v2\/media?parent=732"}],"wp:term":[{"taxonomy":"category","embeddable":true,"href":"https:\/\/prosperpark.se\/en\/wp-json\/wp\/v2\/categories?post=732"},{"taxonomy":"post_tag","embeddable":true,"href":"https:\/\/prosperpark.se\/en\/wp-json\/wp\/v2\/tags?post=732"}],"curies":[{"name":"wp","href":"https:\/\/api.w.org\/{rel}","templated":true}]}}